{"id":17268,"date":"2024-03-03T16:36:24","date_gmt":"2024-03-03T16:36:24","guid":{"rendered":"https:\/\/hotelpeninsular.pt\/site\/?p=17268"},"modified":"2024-03-05T00:24:15","modified_gmt":"2024-03-05T00:24:15","slug":"santuario-de-fatima-leiria-portugal","status":"publish","type":"post","link":"https:\/\/hotelpeninsular.pt\/site\/santuario-de-fatima-leiria-portugal\/","title":{"rendered":"Santu\u00e1rio de F\u00e1tima, Leiria, Portugal"},"content":{"rendered":"<div id=\"cmsmasters_row_\" class=\"cmsmasters_row cmsmasters_color_scheme_default cmsmasters_row_top_default cmsmasters_row_bot_default cmsmasters_row_boxed\">\n<div class=\"cmsmasters_row_outer_parent\">\n<div class=\"cmsmasters_row_outer\">\n<div class=\"cmsmasters_row_inner\">\n<div class=\"cmsmasters_row_margin\">\n<div id=\"cmsmasters_column_\" class=\"cmsmasters_column one_first\">\n<div class=\"cmsmasters_column_inner\"><div class=\"cmsmasters_text\">\n<h4>Visite o Santu\u00e1rio de F\u00e1tima<\/h4>\n<p>O Santu\u00e1rio de F\u00e1tima, situado a cerca de 30 minutos do nosso hotel, \u00e9 um local sagrado reverenciado mundialmente por sua liga\u00e7\u00e3o \u00e0s apari\u00e7\u00f5es da Virgem Maria a tr\u00eas crian\u00e7as: L\u00facia dos Santos, Francisco e Jacinta Marto. O primeiro encontro ocorreu em 13 de maio de 1917, quando, segundo relatos, uma luz celestial envolveu os pequenos videntes, revelando a figura da Virgem Maria e lhes transmitiu mensagens essenciais sobre ora\u00e7\u00e3o, penit\u00eancia e devo\u00e7\u00e3o ao Imaculado Cora\u00e7\u00e3o.<\/p>\n<p>Durante seis meses consecutivos, as apari\u00e7\u00f5es repetiram-se. Em 13 de julho de 1917, durante a terceira apari\u00e7\u00e3o, a Virgem Maria teria revelado tr\u00eas segredos \u00e0s crian\u00e7as, entretanto j\u00e1 revelados, incluindo uma vis\u00e3o do inferno e previs\u00f5es de eventos futuros. As apari\u00e7\u00f5es continuaram em 13 de agosto de 1917, mas as crian\u00e7as foram impedidas de comparecer ao local impedidas pelas autoridades locais. No entanto, a Virgem Maria apareceu novamente a eles no dia 19 de agosto, culminando em 13 de outubro de 1917, quando milhares de testemunhas relataram o extraordin\u00e1rio &#8220;Milagre do Sol&#8221;. Este evento celestial, onde o sol parecia dan\u00e7ar no c\u00e9u, fortaleceu a cren\u00e7a nas mensagens divinas transmitidas \u00e0s crian\u00e7as.<\/p>\n<p>Como consequ\u00eancia dessas apari\u00e7\u00f5es, foi erguido o Santu\u00e1rio de F\u00e1tima no local das apari\u00e7\u00f5es, destacando-se na estrutura a imponente Bas\u00edlica de Nossa Senhora do Ros\u00e1rio, a comovente Capela das Apari\u00e7\u00f5es, erguida no local onde as crian\u00e7as afirmaram ter visto a Virgem Maria e a Bas\u00edlica da Sant\u00edssima Trindade recentemente conclu\u00edda.<\/p>\n<p>Anualmente, o santu\u00e1rio recebe milh\u00f5es de peregrinos de todo o mundo, que participam em celebra\u00e7\u00f5es religiosas, incluindo as emblem\u00e1ticas prociss\u00f5es noturnas de velas. F\u00e1tima tornou-se um \u00edcone de devo\u00e7\u00e3o mariana, atraindo fi\u00e9is em busca de cura espiritual, renova\u00e7\u00e3o da f\u00e9 e experi\u00eancias transcendentais.<\/p>\n<p>O Santu\u00e1rio de F\u00e1tima n\u00e3o \u00e9 apenas um local de culto, mas tamb\u00e9m um marco cultural e espiritual em Portugal. Sua presen\u00e7a transcende fronteiras, continuando a inspirar a devo\u00e7\u00e3o cat\u00f3lica e atraindo aqueles que buscam aprofundar sua espiritualidade. O Santu\u00e1rio de F\u00e1tima \u00e9 um testemunho vivo da f\u00e9, mantendo viva a mem\u00f3ria das apari\u00e7\u00f5es e transmitindo uma mensagem de esperan\u00e7a e paz a todos que o visitam.<\/p>\n<p><strong>13 de maio de 1917 &#8211; Primeira Apari\u00e7\u00e3o:<\/strong><\/p>\n<p>Um clar\u00e3o luminoso envolveu as crian\u00e7as enquanto elas cuidavam de um rebanho. Diante delas, uma figura de beleza indescrit\u00edvel se revelou como a Virgem Maria. A atmosfera era de paz, e a mensagem transmitida era de amor e devo\u00e7\u00e3o a Deus.<\/p>\n<p><strong>13 de junho de 1917 &#8211; Segunda Apari\u00e7\u00e3o:<\/strong><\/p>\n<p>A Virgem Maria apareceu novamente, desta vez incentivando as crian\u00e7as a rezarem o ter\u00e7o diariamente como uma pr\u00e1tica essencial para alcan\u00e7ar a paz. Ela refor\u00e7ou a import\u00e2ncia da ora\u00e7\u00e3o na vida espiritual.<\/p>\n<p><strong>13 de julho de 1917 &#8211; Terceira Apari\u00e7\u00e3o:<\/strong><\/p>\n<p>Durante essa apari\u00e7\u00e3o, a Virgem confiou aos pequenos videntes tr\u00eas segredos. Um desses segredos inclu\u00eda uma vis\u00e3o do inferno, impactando profundamente as crian\u00e7as. As mensagens reveladas eram enigm\u00e1ticas e indicavam eventos futuros significativos.<\/p>\n<p><strong>19 de agosto de 1917 &#8211; Quarta Apari\u00e7\u00e3o:<\/strong><\/p>\n<p>Impedidas de comparecer ao local em 13 de agosto pelas autoridades locais, as crian\u00e7as foram surpreendidas pela Virgem Maria no dia 19. Este gesto refor\u00e7ou a compreens\u00e3o da Virgem para com as crian\u00e7as e sua dedica\u00e7\u00e3o \u00e0 devo\u00e7\u00e3o.<\/p>\n<p><strong>13 de setembro de 1917 &#8211; Quinta Apari\u00e7\u00e3o:<\/strong><\/p>\n<p>Renovando suas mensagens de ora\u00e7\u00e3o e penit\u00eancia, a Virgem Maria enfatizou a import\u00e2ncia da devo\u00e7\u00e3o pessoal para alcan\u00e7ar a paz e a reden\u00e7\u00e3o espiritual. As crian\u00e7as continuaram a relatar a presen\u00e7a amorosa da Virgem.<\/p>\n<p><strong>13 de outubro de 1917 &#8211; Sexta Apari\u00e7\u00e3o e o Milagre do Sol:<\/strong><\/p>\n<p>A \u00faltima apari\u00e7\u00e3o foi marcada pelo famoso &#8220;Milagre do Sol&#8221;. Testemunhas, incluindo jornalistas e c\u00e9ticos, relataram um espet\u00e1culo extraordin\u00e1rio, quando o sol pulsava, dan\u00e7ava e emitia cores vibrantes. Esse fen\u00f4meno, conhecido como o Milagre do Sol, confirmou a autenticidade das apari\u00e7\u00f5es de F\u00e1tima diante de uma multid\u00e3o de milhares de pessoas. Este evento deixou uma marca indel\u00e9vel na hist\u00f3ria da espiritualidade cat\u00f3lica.<\/p>\n<\/div>\n<\/div><\/div>\n<\/div>\n<\/div>\n<\/div>\n<\/div>\n<\/div>\n\n","protected":false},"excerpt":{"rendered":"<p>O Santu\u00e1rio de F\u00e1tima, situado a cerca de 30 minutos do nosso hotel, \u00e9 um local sagrado reverenciado mundialmente por sua liga\u00e7\u00e3o \u00e0s apari\u00e7\u00f5es da Virgem Maria a tr\u00eas crian\u00e7as: L\u00facia dos Santos, Francisco e Jacinta Marto. O primeiro encontro ocorreu em 13 de maio de 1917, quando, segundo relatos, uma luz celestial&#8230;<\/p>\n","protected":false},"author":1,"featured_media":17270,"comment_status":"closed","ping_status":"open","sticky":false,"template":"","format":"gallery","meta":{"footnotes":""},"categories":[16],"tags":[],"class_list":["post-17268","post","type-post","status-publish","format-gallery","has-post-thumbnail","hentry","category-informacoes","post_format-post-format-gallery"],"_links":{"self":[{"href":"https:\/\/hotelpeninsular.pt\/site\/wp-json\/wp\/v2\/posts\/17268","targetHints":{"allow":["GET"]}}],"collection":[{"href":"https:\/\/hotelpeninsular.pt\/site\/wp-json\/wp\/v2\/posts"}],"about":[{"href":"https:\/\/hotelpeninsular.pt\/site\/wp-json\/wp\/v2\/types\/post"}],"author":[{"embeddable":true,"href":"https:\/\/hotelpeninsular.pt\/site\/wp-json\/wp\/v2\/users\/1"}],"replies":[{"embeddable":true,"href":"https:\/\/hotelpeninsular.pt\/site\/wp-json\/wp\/v2\/comments?post=17268"}],"version-history":[{"count":3,"href":"https:\/\/hotelpeninsular.pt\/site\/wp-json\/wp\/v2\/posts\/17268\/revisions"}],"predecessor-version":[{"id":17306,"href":"https:\/\/hotelpeninsular.pt\/site\/wp-json\/wp\/v2\/posts\/17268\/revisions\/17306"}],"wp:featuredmedia":[{"embeddable":true,"href":"https:\/\/hotelpeninsular.pt\/site\/wp-json\/wp\/v2\/media\/17270"}],"wp:attachment":[{"href":"https:\/\/hotelpeninsular.pt\/site\/wp-json\/wp\/v2\/media?parent=17268"}],"wp:term":[{"taxonomy":"category","embeddable":true,"href":"https:\/\/hotelpeninsular.pt\/site\/wp-json\/wp\/v2\/categories?post=17268"},{"taxonomy":"post_tag","embeddable":true,"href":"https:\/\/hotelpeninsular.pt\/site\/wp-json\/wp\/v2\/tags?post=17268"}],"curies":[{"name":"wp","href":"https:\/\/api.w.org\/{rel}","templated":true}]}}